{"id":8810,"date":"2022-11-29T05:40:14","date_gmt":"2022-11-29T05:40:14","guid":{"rendered":"https:\/\/www.portatour.com\/blog\/users\/?p=8810"},"modified":"2022-11-29T09:20:51","modified_gmt":"2022-11-29T09:20:51","slug":"abrir-trajetos-do-roteiro-de-atendimento-no-mapa","status":"publish","type":"post","link":"https:\/\/www.portatour.com\/blog\/users\/pt-br\/2022\/11\/29\/abrir-trajetos-do-roteiro-de-atendimento-no-mapa\/","title":{"rendered":"Abrir trajetos do roteiro de atendimento no mapa"},"content":{"rendered":"<p>Agora, os trajetos no roteiro de atendimento s\u00e3o clic\u00e1veis<\/p>\n<p><a href=\"https:\/\/www.portatour.com\/blog\/users\/wp-content\/uploads\/sites\/2\/Besuchsplan-Fahrzeile-Klick-PT.png\"><img loading=\"lazy\" decoding=\"async\" class=\"alignnone size-full wp-image-8506\" src=\"https:\/\/www.portatour.com\/blog\/users\/wp-content\/uploads\/sites\/2\/Besuchsplan-Fahrzeile-Klick-PT.png\" alt=\"\" width=\"1234\" height=\"228\" \/><\/a><\/p>\n<p>Ao clicar, o acesso \u00e9 direcionado para a exibi\u00e7\u00e3o de mapa para o dia de roteiriza\u00e7\u00e3o desejado, onde o respectivo trajeto \u00e9 destacado.<\/p>\n<p><a href=\"https:\/\/www.portatour.com\/blog\/users\/wp-content\/uploads\/sites\/2\/Landkarte-Fahrt-Mit-Verkehr-PT.png\"><img loading=\"lazy\" decoding=\"async\" class=\"alignnone size-full wp-image-8530\" src=\"https:\/\/www.portatour.com\/blog\/users\/wp-content\/uploads\/sites\/2\/Landkarte-Fahrt-Mit-Verkehr-PT.png\" alt=\"\" width=\"1232\" height=\"833\" \/><\/a><\/p>\n<p><em>Dica: para ver um trajeto sugerido considerando a situa\u00e7\u00e3o de tr\u00e2nsito atual, clique na parte superior direita do mapa, no bot\u00e3o &#8220;Tr\u00e2nsito atual&#8221;.<\/em><\/p>\n<p>&nbsp;<\/p>\n","protected":false},"excerpt":{"rendered":"<p>Agora, os trajetos no roteiro de atendimento s\u00e3o clic\u00e1veis Ao clicar, o acesso \u00e9 direcionado para a exibi\u00e7\u00e3o de mapa para o dia de roteiriza\u00e7\u00e3o desejado, onde o respectivo trajeto \u00e9 destacado. Dica: para ver um trajeto sugerido considerando a situa\u00e7\u00e3o de tr\u00e2nsito atual, clique na parte superior direita do mapa, no bot\u00e3o &#8220;Tr\u00e2nsito atual&#8221;. [&hellip;]<\/p>\n","protected":false},"author":15,"featured_media":0,"comment_status":"closed","ping_status":"closed","sticky":false,"template":"","format":"standard","meta":{"footnotes":""},"categories":[19,22,25],"tags":[],"class_list":["post-8810","post","type-post","status-publish","format-standard","hentry","category-anywhere-pt","category-dynamics-crm-pt","category-salesforce-pt"],"aioseo_notices":[],"_links":{"self":[{"href":"https:\/\/www.portatour.com\/blog\/users\/pt-br\/wp-json\/wp\/v2\/posts\/8810","targetHints":{"allow":["GET"]}}],"collection":[{"href":"https:\/\/www.portatour.com\/blog\/users\/pt-br\/wp-json\/wp\/v2\/posts"}],"about":[{"href":"https:\/\/www.portatour.com\/blog\/users\/pt-br\/wp-json\/wp\/v2\/types\/post"}],"author":[{"embeddable":true,"href":"https:\/\/www.portatour.com\/blog\/users\/pt-br\/wp-json\/wp\/v2\/users\/15"}],"replies":[{"embeddable":true,"href":"https:\/\/www.portatour.com\/blog\/users\/pt-br\/wp-json\/wp\/v2\/comments?post=8810"}],"version-history":[{"count":2,"href":"https:\/\/www.portatour.com\/blog\/users\/pt-br\/wp-json\/wp\/v2\/posts\/8810\/revisions"}],"predecessor-version":[{"id":8812,"href":"https:\/\/www.portatour.com\/blog\/users\/pt-br\/wp-json\/wp\/v2\/posts\/8810\/revisions\/8812"}],"wp:attachment":[{"href":"https:\/\/www.portatour.com\/blog\/users\/pt-br\/wp-json\/wp\/v2\/media?parent=8810"}],"wp:term":[{"taxonomy":"category","embeddable":true,"href":"https:\/\/www.portatour.com\/blog\/users\/pt-br\/wp-json\/wp\/v2\/categories?post=8810"},{"taxonomy":"post_tag","embeddable":true,"href":"https:\/\/www.portatour.com\/blog\/users\/pt-br\/wp-json\/wp\/v2\/tags?post=8810"}],"curies":[{"name":"wp","href":"https:\/\/api.w.org\/{rel}","templated":true}]}}