{"id":10221,"date":"2024-09-17T07:00:59","date_gmt":"2024-09-17T07:00:59","guid":{"rendered":"https:\/\/www.portatour.com\/blog\/users\/?p=10221"},"modified":"2024-09-17T12:38:17","modified_gmt":"2024-09-17T12:38:17","slug":"aumento-do-limite-de-espaco-de-trabalho-para-empresa-e-grupo-de-usuarios","status":"publish","type":"post","link":"https:\/\/www.portatour.com\/blog\/users\/pt-br\/2024\/09\/17\/aumento-do-limite-de-espaco-de-trabalho-para-empresa-e-grupo-de-usuarios\/","title":{"rendered":"Aumento do limite de espa\u00e7o de trabalho para empresa e grupo de usu\u00e1rios"},"content":{"rendered":"<p><em>Esta not\u00edcia afeta os administradores e supervisores de conta corporativa com mais de 50 usu\u00e1rios<\/em>.<\/p>\n<p>Anteriormente, se voc\u00ea abrisse o espa\u00e7o de trabalho da empresa ou de um grupo de usu\u00e1rios, a gama completa de fun\u00e7\u00f5es com lista de clientes e lista de relat\u00f3rios s\u00f3 estaria dispon\u00edvel se o espa\u00e7o de trabalho tivesse no m\u00e1ximo 50 usu\u00e1rios. Esse limite poderia ser aumentado para 250 usu\u00e1rios, otimizando o desempenho para grandes quantidades de dados.<\/p>\n","protected":false},"excerpt":{"rendered":"<p>Esta not\u00edcia afeta os administradores e supervisores de conta corporativa com mais de 50 usu\u00e1rios. Anteriormente, se voc\u00ea abrisse o espa\u00e7o de trabalho da empresa ou de um grupo de usu\u00e1rios, a gama completa de fun\u00e7\u00f5es com lista de clientes e lista de relat\u00f3rios s\u00f3 estaria dispon\u00edvel se o espa\u00e7o de trabalho tivesse no m\u00e1ximo [&hellip;]<\/p>\n","protected":false},"author":8,"featured_media":0,"comment_status":"closed","ping_status":"closed","sticky":false,"template":"","format":"standard","meta":{"footnotes":""},"categories":[19,22,25],"tags":[],"class_list":["post-10221","post","type-post","status-publish","format-standard","hentry","category-anywhere-pt","category-dynamics-crm-pt","category-salesforce-pt"],"aioseo_notices":[],"_links":{"self":[{"href":"https:\/\/www.portatour.com\/blog\/users\/pt-br\/wp-json\/wp\/v2\/posts\/10221","targetHints":{"allow":["GET"]}}],"collection":[{"href":"https:\/\/www.portatour.com\/blog\/users\/pt-br\/wp-json\/wp\/v2\/posts"}],"about":[{"href":"https:\/\/www.portatour.com\/blog\/users\/pt-br\/wp-json\/wp\/v2\/types\/post"}],"author":[{"embeddable":true,"href":"https:\/\/www.portatour.com\/blog\/users\/pt-br\/wp-json\/wp\/v2\/users\/8"}],"replies":[{"embeddable":true,"href":"https:\/\/www.portatour.com\/blog\/users\/pt-br\/wp-json\/wp\/v2\/comments?post=10221"}],"version-history":[{"count":2,"href":"https:\/\/www.portatour.com\/blog\/users\/pt-br\/wp-json\/wp\/v2\/posts\/10221\/revisions"}],"predecessor-version":[{"id":10225,"href":"https:\/\/www.portatour.com\/blog\/users\/pt-br\/wp-json\/wp\/v2\/posts\/10221\/revisions\/10225"}],"wp:attachment":[{"href":"https:\/\/www.portatour.com\/blog\/users\/pt-br\/wp-json\/wp\/v2\/media?parent=10221"}],"wp:term":[{"taxonomy":"category","embeddable":true,"href":"https:\/\/www.portatour.com\/blog\/users\/pt-br\/wp-json\/wp\/v2\/categories?post=10221"},{"taxonomy":"post_tag","embeddable":true,"href":"https:\/\/www.portatour.com\/blog\/users\/pt-br\/wp-json\/wp\/v2\/tags?post=10221"}],"curies":[{"name":"wp","href":"https:\/\/api.w.org\/{rel}","templated":true}]}}