{"id":10135,"date":"2024-08-21T07:25:20","date_gmt":"2024-08-21T07:25:20","guid":{"rendered":"https:\/\/www.portatour.com\/blog\/users\/?p=10135"},"modified":"2024-08-21T09:51:21","modified_gmt":"2024-08-21T09:51:21","slug":"estensione-dei-campi-personalizzati","status":"publish","type":"post","link":"https:\/\/www.portatour.com\/blog\/users\/it\/2024\/08\/21\/estensione-dei-campi-personalizzati\/","title":{"rendered":"Estensione dei campi personalizzati"},"content":{"rendered":"<h3>Mostrare i nomi dei campi pi\u00f9 lunghi<\/h3>\n<p>Nella visualizzazione dei campi personalizzati, in precedenza il nome campo veniva abbreviato a partire da 10 caratteri. Ora che i dispositivi mobili sono diventati pi\u00f9 grandi, viene abbreviato solo a partire da 20 caratteri.<\/p>\n<p><em> Indicazione: se cambi i nomi dei campi durante il processo, tieni presente che anche i nomi delle colonne nel file di esportazione saranno influenzati. Ci\u00f2 va preso in considerazione se il file viene elaborato automaticamente. Una modifica ai nomi dei campi non ha alcun effetto sull&#8217;importazione.<\/em><\/p>\n<h3>Modificare la posizione dei nomi dei campi<\/h3>\n<p>Fino ad ora il nome campo veniva visualizzato sempre a sinistra e il contenuto del campo sempre a destra.<\/p>\n<p>Questo comportamento adesso pu\u00f2 essere modificato individualmente per ogni gruppo di campi, al fine di utilizzare meglio lo spazio sullo schermo, soprattutto per i testi lunghi o di pi\u00f9 righe:<\/p>\n<p><a href=\"https:\/\/www.portatour.com\/blog\/users\/wp-content\/uploads\/sites\/2\/Benutzerdefinierte-Felder-Position-Feldnamen-einstellen-IT.png\"><img loading=\"lazy\" decoding=\"async\" class=\"wp-image-9599 aligncenter\" src=\"https:\/\/www.portatour.com\/blog\/users\/wp-content\/uploads\/sites\/2\/Benutzerdefinierte-Felder-Position-Feldnamen-einstellen-IT.png\" alt=\"\" width=\"320\" height=\"252\" \/><\/a><\/p>\n<p>Le seguenti schermate illustrano gli effetti delle tre impostazioni diverse:<\/p>\n<p>Sempre a sinistra:<\/p>\n<p><a href=\"https:\/\/www.portatour.com\/blog\/users\/wp-content\/uploads\/sites\/2\/Benutzerdefinierte-Felder-Position-Feldnamen-Immer-Links-IT.png\"><img loading=\"lazy\" decoding=\"async\" class=\"wp-image-9612 aligncenter\" src=\"https:\/\/www.portatour.com\/blog\/users\/wp-content\/uploads\/sites\/2\/Benutzerdefinierte-Felder-Position-Feldnamen-Immer-Links-IT.png\" alt=\"\" width=\"320\" height=\"226\" \/><\/a><\/p>\n<p>Sopra in caso di testo di pi\u00f9 righe:<\/p>\n<p><a href=\"https:\/\/www.portatour.com\/blog\/users\/wp-content\/uploads\/sites\/2\/Benutzerdefinierte-Felder-Position-Feldnamen-Bei-mehrzeiligen-Text-oberhalb-IT.png\"><img loading=\"lazy\" decoding=\"async\" class=\"wp-image-9606 aligncenter\" src=\"https:\/\/www.portatour.com\/blog\/users\/wp-content\/uploads\/sites\/2\/Benutzerdefinierte-Felder-Position-Feldnamen-Bei-mehrzeiligen-Text-oberhalb-IT.png\" alt=\"\" width=\"320\" height=\"218\" \/><\/a><\/p>\n<p>Sempre sopra:<\/p>\n<p><a href=\"https:\/\/www.portatour.com\/blog\/users\/wp-content\/uploads\/sites\/2\/Benutzerdefinierte-Felder-Position-Feldnamen-Immer-oberhalb-IT.png\"><img loading=\"lazy\" decoding=\"async\" class=\"wp-image-9618 aligncenter\" src=\"https:\/\/www.portatour.com\/blog\/users\/wp-content\/uploads\/sites\/2\/Benutzerdefinierte-Felder-Position-Feldnamen-Immer-oberhalb-IT.png\" alt=\"\" width=\"320\" height=\"280\" \/><\/a><\/p>\n<p><em>Indicazioni:<\/em><\/p>\n<ul>\n<li><em> per i gruppi di campi appena creati, \u00e8 preimpostata l&#8217;impostazione &#8220;Sopra in caso di testo di pi\u00f9 righe&#8221;. Questo \u00e8 anche ci\u00f2 che consigliamo noi.<\/em><\/li>\n<li><em>Questa impostazione influisce anche sulla finestra di modifica dei campi personalizzati.<\/em><\/li>\n<\/ul>\n<h3>Visualizzazione dei nomi dei gruppi di campi<\/h3>\n<p>Se i tuoi campi personalizzati sono divisi in pi\u00f9 gruppi nei rapporti, anche i nomi dei gruppi vengono mostrati nelle viste. L&#8217;effetto diventa visibile soprattutto quando nelle viste degli elenchi i rapporti non vengono troncati, bens\u00ec mostrati completamente. L&#8217;utente pu\u00f2 impostarlo nelle sue opzioni in &#8220;Impostazioni programma &gt; Lista dei clienti &gt; Rapporto intero\u201c o &#8220;Impostazioni programma &gt; Lista dei rapporti &gt; Rapporto intero&#8221;.<\/p>\n","protected":false},"excerpt":{"rendered":"<p>Mostrare i nomi dei campi pi\u00f9 lunghi Nella visualizzazione dei campi personalizzati, in precedenza il nome campo veniva abbreviato a partire da 10 caratteri. Ora che i dispositivi mobili sono diventati pi\u00f9 grandi, viene abbreviato solo a partire da 20 caratteri. Indicazione: se cambi i nomi dei campi durante il processo, tieni presente che anche [&hellip;]<\/p>\n","protected":false},"author":8,"featured_media":0,"comment_status":"closed","ping_status":"closed","sticky":false,"template":"","format":"standard","meta":{"footnotes":""},"categories":[18],"tags":[],"class_list":["post-10135","post","type-post","status-publish","format-standard","hentry","category-anywhere-it"],"aioseo_notices":[],"_links":{"self":[{"href":"https:\/\/www.portatour.com\/blog\/users\/it\/wp-json\/wp\/v2\/posts\/10135","targetHints":{"allow":["GET"]}}],"collection":[{"href":"https:\/\/www.portatour.com\/blog\/users\/it\/wp-json\/wp\/v2\/posts"}],"about":[{"href":"https:\/\/www.portatour.com\/blog\/users\/it\/wp-json\/wp\/v2\/types\/post"}],"author":[{"embeddable":true,"href":"https:\/\/www.portatour.com\/blog\/users\/it\/wp-json\/wp\/v2\/users\/8"}],"replies":[{"embeddable":true,"href":"https:\/\/www.portatour.com\/blog\/users\/it\/wp-json\/wp\/v2\/comments?post=10135"}],"version-history":[{"count":2,"href":"https:\/\/www.portatour.com\/blog\/users\/it\/wp-json\/wp\/v2\/posts\/10135\/revisions"}],"predecessor-version":[{"id":10164,"href":"https:\/\/www.portatour.com\/blog\/users\/it\/wp-json\/wp\/v2\/posts\/10135\/revisions\/10164"}],"wp:attachment":[{"href":"https:\/\/www.portatour.com\/blog\/users\/it\/wp-json\/wp\/v2\/media?parent=10135"}],"wp:term":[{"taxonomy":"category","embeddable":true,"href":"https:\/\/www.portatour.com\/blog\/users\/it\/wp-json\/wp\/v2\/categories?post=10135"},{"taxonomy":"post_tag","embeddable":true,"href":"https:\/\/www.portatour.com\/blog\/users\/it\/wp-json\/wp\/v2\/tags?post=10135"}],"curies":[{"name":"wp","href":"https:\/\/api.w.org\/{rel}","templated":true}]}}