{"id":8197,"date":"2022-03-14T08:55:23","date_gmt":"2022-03-14T08:55:23","guid":{"rendered":"https:\/\/www.portatour.com\/blog\/users\/?p=8197"},"modified":"2022-03-14T12:07:34","modified_gmt":"2022-03-14T12:07:34","slug":"dautres-changements-dans-la-mise-a-jour-de-mars-2022-pour-tous-les-utilisateurs","status":"publish","type":"post","link":"https:\/\/www.portatour.com\/blog\/users\/fr\/2022\/03\/14\/dautres-changements-dans-la-mise-a-jour-de-mars-2022-pour-tous-les-utilisateurs\/","title":{"rendered":"D&rsquo;autres changements dans la mise \u00e0 jour de mars 2022 pour tous les utilisateurs"},"content":{"rendered":"<h2>Int\u00e9gration de la barre de fonctions inf\u00e9rieure dans la barre de fonctions sup\u00e9rieure<\/h2>\n<p>Sur toutes les pages, les boutons qui se trouvaient auparavant dans la barre de fonctions en bas de la page ont \u00e9t\u00e9 d\u00e9plac\u00e9s dans la barre de fonctions sup\u00e9rieure. Avec l&rsquo;avantage qu&rsquo;il n&rsquo;y a plus qu&rsquo;une seule barre de fonctions et qu&rsquo;il n&rsquo;est plus n\u00e9cessaire de d\u00e9filer vers le bas.<\/p>\n<p>Les fonctions habituellement peu utilis\u00e9es sont regroup\u00e9es sous le bouton de droite <strong>Plus<\/strong>. De m\u00eame, sur les smartphones \u00e9troits, certaines fonctions sont d\u00e9plac\u00e9es sous <strong>Plus<\/strong> pour des raisons de place.<\/p>\n<p>Exemple de plan de visites :<\/p>\n<p><a href=\"https:\/\/www.portatour.com\/blog\/users\/wp-content\/uploads\/sites\/2\/Neue-Toolbar-0322-FR.png\"><img loading=\"lazy\" decoding=\"async\" class=\"alignnone size-full wp-image-6644\" src=\"https:\/\/www.portatour.com\/blog\/users\/wp-content\/uploads\/sites\/2\/Neue-Toolbar-0322-FR.png\" alt=\"\" width=\"1138\" height=\"190\" \/><\/a><\/p>\n<p>Clic sur <strong>Plus<\/strong> :<\/p>\n<p><a href=\"https:\/\/www.portatour.com\/blog\/users\/wp-content\/uploads\/sites\/2\/Neue-Toolbar-Mehr-0322-FR.png\"><img loading=\"lazy\" decoding=\"async\" class=\"aligncenter wp-image-6651 size-medium\" src=\"https:\/\/www.portatour.com\/blog\/users\/wp-content\/uploads\/sites\/2\/Neue-Toolbar-Mehr-0322-FR.png\" alt=\"\" width=\"288\" height=\"300\" \/><\/a><\/p>\n<h2>Modification de l&rsquo;affichage des menus<\/h2>\n<p>Pour une meilleure lisibilit\u00e9, les menus ont \u00e9t\u00e9 modernis\u00e9s. Voir la comparaison avant\/apr\u00e8s ci-dessous :<\/p>\n<p><a href=\"https:\/\/www.portatour.com\/blog\/users\/wp-content\/uploads\/sites\/2\/Kontextmenu-Alt-0322-FR.png\"><img loading=\"lazy\" decoding=\"async\" class=\"wp-image-6657 size-medium alignnone\" src=\"https:\/\/www.portatour.com\/blog\/users\/wp-content\/uploads\/sites\/2\/Kontextmenu-Alt-0322-FR.png\" alt=\"\" width=\"300\" height=\"295\" \/><\/a><a href=\"https:\/\/www.portatour.com\/blog\/users\/wp-content\/uploads\/sites\/2\/Kontextmenu-Neu-0322-FR.png\"> \u00a0<img loading=\"lazy\" decoding=\"async\" class=\"wp-image-6663 size-medium alignnone\" src=\"https:\/\/www.portatour.com\/blog\/users\/wp-content\/uploads\/sites\/2\/Kontextmenu-Neu-0322-FR.png\" alt=\"\" width=\"297\" height=\"300\" \/><\/a><\/p>\n<h2>Support de \u00ab\u00a0Petal Maps\u00a0\u00bb comme application de navigation<\/h2>\n<p>L&rsquo;application de navigation \u00ab\u00a0Petal Maps\u00a0\u00bb, surtout r\u00e9pandue sur les smartphones Huawei, est d\u00e9sormais directement support\u00e9e par portatour\u00ae. Si vous avez install\u00e9 cette application sur votre smartphone et que vous souhaitez la lancer automatiquement lorsque vous cliquez sur <strong>Navigation<\/strong>, proc\u00e9dez comme suit :<\/p>\n<ul>\n<li>Dans le menu principal, ouvrez les <strong>Options<\/strong>.<\/li>\n<li>Cliquez sur <strong>Param\u00e8tres du programme<\/strong>.<\/li>\n<li>Dans la section <strong>GPS Navigation<\/strong>, passez \u00e0 <strong>Petal Maps<\/strong>.<\/li>\n<li><strong>Cliquez sur <strong>Enregistrer<\/strong>.<\/strong><\/li>\n<\/ul>\n<h2>Carte : affichage des trajets au lieu des lignes a\u00e9riennes par d\u00e9faut<\/h2>\n<p>Lorsque vous affichez les plans de visites nouvellement calcul\u00e9s sur la carte, les trajets concrets sont d\u00e9sormais affich\u00e9s par d\u00e9faut au lieu des lignes a\u00e9riennes simplifi\u00e9es.<\/p>\n<p>Le bouton de la roue dent\u00e9e en haut \u00e0 droite de la carte permet toujours de passer des trajets aux lignes a\u00e9riennes.<\/p>\n","protected":false},"excerpt":{"rendered":"<p>Int\u00e9gration de la barre de fonctions inf\u00e9rieure dans la barre de fonctions sup\u00e9rieure Sur toutes les pages, les boutons qui se trouvaient auparavant dans la barre de fonctions en bas de la page ont \u00e9t\u00e9 d\u00e9plac\u00e9s dans la barre de fonctions sup\u00e9rieure. Avec l&rsquo;avantage qu&rsquo;il n&rsquo;y a plus qu&rsquo;une seule barre de fonctions et qu&rsquo;il [&hellip;]<\/p>\n","protected":false},"author":15,"featured_media":0,"comment_status":"closed","ping_status":"closed","sticky":false,"template":"","format":"standard","meta":{"footnotes":""},"categories":[11,12,14],"tags":[],"class_list":["post-8197","post","type-post","status-publish","format-standard","hentry","category-anywhere-fr","category-dynamics-crm-fr","category-salesforce-fr"],"aioseo_notices":[],"_links":{"self":[{"href":"https:\/\/www.portatour.com\/blog\/users\/fr\/wp-json\/wp\/v2\/posts\/8197","targetHints":{"allow":["GET"]}}],"collection":[{"href":"https:\/\/www.portatour.com\/blog\/users\/fr\/wp-json\/wp\/v2\/posts"}],"about":[{"href":"https:\/\/www.portatour.com\/blog\/users\/fr\/wp-json\/wp\/v2\/types\/post"}],"author":[{"embeddable":true,"href":"https:\/\/www.portatour.com\/blog\/users\/fr\/wp-json\/wp\/v2\/users\/15"}],"replies":[{"embeddable":true,"href":"https:\/\/www.portatour.com\/blog\/users\/fr\/wp-json\/wp\/v2\/comments?post=8197"}],"version-history":[{"count":4,"href":"https:\/\/www.portatour.com\/blog\/users\/fr\/wp-json\/wp\/v2\/posts\/8197\/revisions"}],"predecessor-version":[{"id":8285,"href":"https:\/\/www.portatour.com\/blog\/users\/fr\/wp-json\/wp\/v2\/posts\/8197\/revisions\/8285"}],"wp:attachment":[{"href":"https:\/\/www.portatour.com\/blog\/users\/fr\/wp-json\/wp\/v2\/media?parent=8197"}],"wp:term":[{"taxonomy":"category","embeddable":true,"href":"https:\/\/www.portatour.com\/blog\/users\/fr\/wp-json\/wp\/v2\/categories?post=8197"},{"taxonomy":"post_tag","embeddable":true,"href":"https:\/\/www.portatour.com\/blog\/users\/fr\/wp-json\/wp\/v2\/tags?post=8197"}],"curies":[{"name":"wp","href":"https:\/\/api.w.org\/{rel}","templated":true}]}}