{"id":3134,"date":"2018-11-20T12:18:12","date_gmt":"2018-11-20T12:18:12","guid":{"rendered":"http:\/\/www.portatour.com\/blog\/users\/?p=3134"},"modified":"2018-11-20T12:42:58","modified_gmt":"2018-11-20T12:42:58","slug":"menu-principal-et-tete-du-calendrier-dans-nouveau-design","status":"publish","type":"post","link":"https:\/\/www.portatour.com\/blog\/users\/fr\/2018\/11\/20\/menu-principal-et-tete-du-calendrier-dans-nouveau-design\/","title":{"rendered":"Menu principal et en-t\u00eate du calendrier dans un nouveau design"},"content":{"rendered":"<p>En cliquant sur le bouton du menu principal, maintenant plus visible, les \u00e9l\u00e9ments de menu apparaissent sous la forme de symbole pour une meilleure utilisation de l&rsquo;espace sur les smartphones :<\/p>\n<p style=\"text-align: center;\"><a href=\"https:\/\/www.portatour.com\/blog\/users\/wp-content\/uploads\/sites\/2\/Neues-Menu-Design-FR.png\"><img loading=\"lazy\" decoding=\"async\" class=\"alignnone size-full wp-image-2949\" src=\"https:\/\/www.portatour.com\/blog\/users\/wp-content\/uploads\/sites\/2\/Neues-Menu-Design-FR.png\" alt=\"\" width=\"352\" height=\"304\" srcset=\"https:\/\/www.portatour.com\/blog\/users\/wp-content\/uploads\/sites\/2\/Neues-Menu-Design-FR.png 352w, https:\/\/www.portatour.com\/blog\/users\/wp-content\/uploads\/sites\/2\/Neues-Menu-Design-FR-300x259.png 300w\" sizes=\"auto, (max-width: 352px) 100vw, 352px\" \/><\/a><\/p>\n<p>S&rsquo;il y a des indications importantes, le bouton du menu principal devient tout rouge :<\/p>\n<p style=\"text-align: center;\"><a href=\"https:\/\/www.portatour.com\/blog\/users\/wp-content\/uploads\/sites\/2\/Neues-Menu-Design-rote-Warnung-FR.png\"><img loading=\"lazy\" decoding=\"async\" class=\"alignnone size-full wp-image-2967\" src=\"https:\/\/www.portatour.com\/blog\/users\/wp-content\/uploads\/sites\/2\/Neues-Menu-Design-rote-Warnung-FR.png\" alt=\"\" width=\"339\" height=\"100\" srcset=\"https:\/\/www.portatour.com\/blog\/users\/wp-content\/uploads\/sites\/2\/Neues-Menu-Design-rote-Warnung-FR.png 339w, https:\/\/www.portatour.com\/blog\/users\/wp-content\/uploads\/sites\/2\/Neues-Menu-Design-rote-Warnung-FR-300x88.png 300w\" sizes=\"auto, (max-width: 339px) 100vw, 339px\" \/><\/a><\/p>\n<p>L&rsquo;acc\u00e8s aux \u00ab\u00a0t\u00e2ches\u00a0\u00bb et aux \u00ab\u00a0comptes rendus\u00a0\u00bb est possible sur des grands \u00e9crans directement \u00e0 partir de la barre du menu principal:<\/p>\n<p style=\"text-align: center;\"><a href=\"https:\/\/www.portatour.com\/blog\/users\/wp-content\/uploads\/sites\/2\/Neue-Hauptmenuleiste-FR.png\"><img loading=\"lazy\" decoding=\"async\" class=\"alignnone size-full wp-image-2985\" src=\"https:\/\/www.portatour.com\/blog\/users\/wp-content\/uploads\/sites\/2\/Neue-Hauptmenuleiste-FR.png\" alt=\"\" width=\"793\" height=\"48\" srcset=\"https:\/\/www.portatour.com\/blog\/users\/wp-content\/uploads\/sites\/2\/Neue-Hauptmenuleiste-FR.png 793w, https:\/\/www.portatour.com\/blog\/users\/wp-content\/uploads\/sites\/2\/Neue-Hauptmenuleiste-FR-300x18.png 300w, https:\/\/www.portatour.com\/blog\/users\/wp-content\/uploads\/sites\/2\/Neue-Hauptmenuleiste-FR-768x46.png 768w, https:\/\/www.portatour.com\/blog\/users\/wp-content\/uploads\/sites\/2\/Neue-Hauptmenuleiste-FR-600x36.png 600w, https:\/\/www.portatour.com\/blog\/users\/wp-content\/uploads\/sites\/2\/Neue-Hauptmenuleiste-FR-624x38.png 624w\" sizes=\"auto, (max-width: 793px) 100vw, 793px\" \/><\/a><\/p>\n<p>L&rsquo;entr\u00e9e originale du menu principal \u00ab\u00a0Rendez-vous\u00a0\u00bb a \u00e9t\u00e9 renomm\u00e9e en \u00ab\u00a0Calendrier\u00a0\u00bb, parce que l&rsquo;affichage du calendrier a re\u00e7u des nouvelles fonctions au fil du temps et montre maintenant aussi les propositions de visites, comptes rendus et t\u00e2ches en plus des rendez-vous.<\/p>\n<p>L&rsquo;entr\u00e9e \u00ab\u00a0Calendrier\u00a0\u00bb du menu principal ouvre toujours la vue du calendrier. Pour afficher la liste des rendez-vous, cliquez sur le bouton de liste dans le calendrier.<\/p>\n<p>Les \u00e9tiquettes de jour du calendrier ont un nouveau design. Les jours apparaissent dans une police plus grande, la r\u00e9f\u00e9rence \u00e0 l&rsquo;affichage de la carte et la pr\u00e9sence des t\u00e2ches sont affich\u00e9es avec des symboles. La petite fl\u00e8che vers le bas indique qu&rsquo;un menu s&rsquo;ouvre lorsque vous cliquez dessus.<\/p>\n<p style=\"text-align: center;\"><a href=\"https:\/\/www.portatour.com\/blog\/users\/wp-content\/uploads\/sites\/2\/Neue-Kalenderueberschrift-FR.png\"><img loading=\"lazy\" decoding=\"async\" class=\"alignnone size-full wp-image-2913\" src=\"https:\/\/www.portatour.com\/blog\/users\/wp-content\/uploads\/sites\/2\/Neue-Kalenderueberschrift-FR.png\" alt=\"\" width=\"781\" height=\"181\" srcset=\"https:\/\/www.portatour.com\/blog\/users\/wp-content\/uploads\/sites\/2\/Neue-Kalenderueberschrift-FR.png 781w, https:\/\/www.portatour.com\/blog\/users\/wp-content\/uploads\/sites\/2\/Neue-Kalenderueberschrift-FR-300x70.png 300w, https:\/\/www.portatour.com\/blog\/users\/wp-content\/uploads\/sites\/2\/Neue-Kalenderueberschrift-FR-768x178.png 768w, https:\/\/www.portatour.com\/blog\/users\/wp-content\/uploads\/sites\/2\/Neue-Kalenderueberschrift-FR-600x139.png 600w, https:\/\/www.portatour.com\/blog\/users\/wp-content\/uploads\/sites\/2\/Neue-Kalenderueberschrift-FR-624x145.png 624w\" sizes=\"auto, (max-width: 781px) 100vw, 781px\" \/><\/a><\/p>\n<p>En plus du lien d\u00e9j\u00e0 connu pour l&rsquo;affichage de la carte, ce menu contient \u00e9galement un nouveau lien vers le plan de visites pour la journ\u00e9e et des nouvelles fonctions pour la gestion des t\u00e2ches.<\/p>\n<p style=\"text-align: center;\"><a href=\"https:\/\/www.portatour.com\/blog\/users\/wp-content\/uploads\/sites\/2\/Neues-Kalendermenu-FR.png\"><img loading=\"lazy\" decoding=\"async\" class=\"alignnone size-full wp-image-2931\" src=\"https:\/\/www.portatour.com\/blog\/users\/wp-content\/uploads\/sites\/2\/Neues-Kalendermenu-FR.png\" alt=\"\" width=\"483\" height=\"392\" srcset=\"https:\/\/www.portatour.com\/blog\/users\/wp-content\/uploads\/sites\/2\/Neues-Kalendermenu-FR.png 483w, https:\/\/www.portatour.com\/blog\/users\/wp-content\/uploads\/sites\/2\/Neues-Kalendermenu-FR-300x243.png 300w\" sizes=\"auto, (max-width: 483px) 100vw, 483px\" \/><\/a><\/p>\n<p>En outre, pour une meilleure vue d&rsquo;ensemble du calendrier hebdomadaire et mensuel, les seuls jours affich\u00e9s sont ceux de la semaine programm\u00e9s pour les visites en fonction des horaires de travail configur\u00e9s. Si un rendez-vous est saisi un jour non ouvrable, celui-ci est \u00e9galement affich\u00e9 dans le calendrier.<\/p>\n","protected":false},"excerpt":{"rendered":"<p>En cliquant sur le bouton du menu principal, maintenant plus visible, les \u00e9l\u00e9ments de menu apparaissent sous la forme de symbole pour une meilleure utilisation de l&rsquo;espace sur les smartphones : S&rsquo;il y a des indications importantes, le bouton du menu principal devient tout rouge : L&rsquo;acc\u00e8s aux \u00ab\u00a0t\u00e2ches\u00a0\u00bb et aux \u00ab\u00a0comptes rendus\u00a0\u00bb est possible [&hellip;]<\/p>\n","protected":false},"author":15,"featured_media":0,"comment_status":"closed","ping_status":"closed","sticky":false,"template":"","format":"standard","meta":{"footnotes":""},"categories":[11],"tags":[],"class_list":["post-3134","post","type-post","status-publish","format-standard","hentry","category-anywhere-fr"],"aioseo_notices":[],"_links":{"self":[{"href":"https:\/\/www.portatour.com\/blog\/users\/fr\/wp-json\/wp\/v2\/posts\/3134","targetHints":{"allow":["GET"]}}],"collection":[{"href":"https:\/\/www.portatour.com\/blog\/users\/fr\/wp-json\/wp\/v2\/posts"}],"about":[{"href":"https:\/\/www.portatour.com\/blog\/users\/fr\/wp-json\/wp\/v2\/types\/post"}],"author":[{"embeddable":true,"href":"https:\/\/www.portatour.com\/blog\/users\/fr\/wp-json\/wp\/v2\/users\/15"}],"replies":[{"embeddable":true,"href":"https:\/\/www.portatour.com\/blog\/users\/fr\/wp-json\/wp\/v2\/comments?post=3134"}],"version-history":[{"count":5,"href":"https:\/\/www.portatour.com\/blog\/users\/fr\/wp-json\/wp\/v2\/posts\/3134\/revisions"}],"predecessor-version":[{"id":3160,"href":"https:\/\/www.portatour.com\/blog\/users\/fr\/wp-json\/wp\/v2\/posts\/3134\/revisions\/3160"}],"wp:attachment":[{"href":"https:\/\/www.portatour.com\/blog\/users\/fr\/wp-json\/wp\/v2\/media?parent=3134"}],"wp:term":[{"taxonomy":"category","embeddable":true,"href":"https:\/\/www.portatour.com\/blog\/users\/fr\/wp-json\/wp\/v2\/categories?post=3134"},{"taxonomy":"post_tag","embeddable":true,"href":"https:\/\/www.portatour.com\/blog\/users\/fr\/wp-json\/wp\/v2\/tags?post=3134"}],"curies":[{"name":"wp","href":"https:\/\/api.w.org\/{rel}","templated":true}]}}