{"id":1617,"date":"2017-12-18T11:15:01","date_gmt":"2017-12-18T11:15:01","guid":{"rendered":"http:\/\/www.portatour.com\/blog\/users\/?p=1617"},"modified":"2017-12-18T11:15:01","modified_gmt":"2017-12-18T11:15:01","slug":"calendrier-ameliore-affichage-trajets-pauses-nuitees","status":"publish","type":"post","link":"https:\/\/www.portatour.com\/blog\/users\/fr\/2017\/12\/18\/calendrier-ameliore-affichage-trajets-pauses-nuitees\/","title":{"rendered":"Calendrier am\u00e9lior\u00e9: affichage des trajets, des pauses et des nuit\u00e9es en route"},"content":{"rendered":"<p>Avec la mise \u00e0 jour d\u2019aujourd&rsquo;hui de portatour\u00ae, le calendrier a \u00e9t\u00e9 am\u00e9lior\u00e9 par de nouvelles informations et fonctions. Lisez la suite pour savoir comment vous pouvez tirer le meilleur parti des nouvelles opportunit\u00e9s qui en r\u00e9sultent.<\/p>\n<p><em>Rappel: vous pouvez acc\u00e9der au calendrier en cliquant sur \u00ab\u00a0Rendez-vous\u00a0\u00bb dans le menu principal. Si la liste de rendez-vous appara\u00eet \u00e0 la place du calendrier, cliquez sur le bouton calendrier en haut.<\/em><\/p>\n<p><a href=\"https:\/\/www.portatour.com\/blog\/users\/wp-content\/uploads\/sites\/2\/Kalender-Strassen-Uebernachtung-FR.png\"><img loading=\"lazy\" decoding=\"async\" class=\"alignnone size-full wp-image-1708\" src=\"https:\/\/www.portatour.com\/blog\/users\/wp-content\/uploads\/sites\/2\/Kalender-Strassen-Uebernachtung-FR.png\" alt=\"\" width=\"1688\" height=\"1127\" srcset=\"https:\/\/www.portatour.com\/blog\/users\/wp-content\/uploads\/sites\/2\/Kalender-Strassen-Uebernachtung-FR.png 1688w, https:\/\/www.portatour.com\/blog\/users\/wp-content\/uploads\/sites\/2\/Kalender-Strassen-Uebernachtung-FR-300x200.png 300w, https:\/\/www.portatour.com\/blog\/users\/wp-content\/uploads\/sites\/2\/Kalender-Strassen-Uebernachtung-FR-768x513.png 768w, https:\/\/www.portatour.com\/blog\/users\/wp-content\/uploads\/sites\/2\/Kalender-Strassen-Uebernachtung-FR-1024x684.png 1024w, https:\/\/www.portatour.com\/blog\/users\/wp-content\/uploads\/sites\/2\/Kalender-Strassen-Uebernachtung-FR-600x401.png 600w, https:\/\/www.portatour.com\/blog\/users\/wp-content\/uploads\/sites\/2\/Kalender-Strassen-Uebernachtung-FR-624x417.png 624w\" sizes=\"auto, (max-width: 1688px) 100vw, 1688px\" \/><\/a><\/p>\n<h2>Affichage des trajets et des pauses<\/h2>\n<p>Dans les vues quotidiennes et hebdomadaires du calendrier, vous pouvez voir en un coup d&rsquo;\u0153il le temps d\u00e9j\u00e0 pr\u00e9vu pour les trajets ou les pauses entre les visites clients.<\/p>\n<p style=\"text-align: center;\"><a href=\"https:\/\/www.portatour.com\/blog\/users\/wp-content\/uploads\/sites\/2\/Strasse-und-Pause-FR.png\"><img loading=\"lazy\" decoding=\"async\" class=\"alignnone wp-image-1709\" src=\"https:\/\/www.portatour.com\/blog\/users\/wp-content\/uploads\/sites\/2\/Strasse-und-Pause-FR.png\" alt=\"\" width=\"152\" height=\"180\" srcset=\"https:\/\/www.portatour.com\/blog\/users\/wp-content\/uploads\/sites\/2\/Strasse-und-Pause-FR.png 297w, https:\/\/www.portatour.com\/blog\/users\/wp-content\/uploads\/sites\/2\/Strasse-und-Pause-FR-254x300.png 254w\" sizes=\"auto, (max-width: 152px) 100vw, 152px\" \/><\/a><\/p>\n<p>Les trajets sont repr\u00e9sent\u00e9s par des routes grises et des pauses d\u00e9jeuner avec un symbole de fourchette et couteau. Une surface blanche est visible \u00e0 la place des routes pour des p\u00e9riodes qui n&rsquo;ont pas \u00e9t\u00e9 planifi\u00e9es, par exemple des temps d&rsquo;attente avant des rendez-vous fixes.<\/p>\n<p><em>Remarque: dans la vue mensuelle, les routes et les pauses ne sont pas affich\u00e9es pour des raisons des contraintes de taille. Si n\u00e9cessaire, modifiez la vue \u00e0 l&rsquo;aide de l&rsquo;ic\u00f4ne de la roue dent\u00e9e en haut \u00e0 droite. Vous pouvez trouver vos param\u00e8tres de pause d\u00e9jeuner personnels dans les options\u00a0 portatour\u00ae sous \u00abPause\u00bb.<\/em><\/p>\n<h2>Affichage des nuit\u00e9es en route<\/h2>\n<p>Jusqu&rsquo;\u00e0 pr\u00e9sent, seules les nuit\u00e9es en routes pour lesquelles vous avez explicitement cr\u00e9\u00e9 un rendez-vous \u00e9taient visibles dans le calendrier portatour\u00ae. Depuis la mise \u00e0 jour d&rsquo;aujourd&rsquo;hui, vous pouvez \u00e9galement voir les nuit\u00e9es que portatour \u00ae propose. Celles-ci sont reconnaissables par les entr\u00e9es grises au d\u00e9but et \u00e0 la fin de la journ\u00e9e.<\/p>\n<p style=\"text-align: center;\"><a href=\"https:\/\/www.portatour.com\/blog\/users\/wp-content\/uploads\/sites\/2\/Uebernachtung-anzeigen-FR.png\"><img loading=\"lazy\" decoding=\"async\" class=\"alignnone wp-image-1710\" src=\"https:\/\/www.portatour.com\/blog\/users\/wp-content\/uploads\/sites\/2\/Uebernachtung-anzeigen-FR.png\" alt=\"\" width=\"475\" height=\"75\" srcset=\"https:\/\/www.portatour.com\/blog\/users\/wp-content\/uploads\/sites\/2\/Uebernachtung-anzeigen-FR.png 691w, https:\/\/www.portatour.com\/blog\/users\/wp-content\/uploads\/sites\/2\/Uebernachtung-anzeigen-FR-300x47.png 300w, https:\/\/www.portatour.com\/blog\/users\/wp-content\/uploads\/sites\/2\/Uebernachtung-anzeigen-FR-600x95.png 600w, https:\/\/www.portatour.com\/blog\/users\/wp-content\/uploads\/sites\/2\/Uebernachtung-anzeigen-FR-624x98.png 624w\" sizes=\"auto, (max-width: 475px) 100vw, 475px\" \/><\/a><\/p>\n<p>Dans la plupart des cas, ceux seront des nuit\u00e9es \u00e0 votre domicile. Cependant, si vous avez autoris\u00e9 des nuit\u00e9es en route, ces entr\u00e9es peuvent \u00e9galement \u00eatre des nuit\u00e9es dans un \u00abh\u00e9bergement pr\u00e9f\u00e9r\u00e9\u00bb ou \u00e0 un autre endroit que portatour\u00ae propose en vue de l&rsquo;optimisation de tourn\u00e9es.<\/p>\n<p><em>Remarque: Activez la planification automatique des nuit\u00e9es dans les options portatour\u00ae sous \u00abNuit\u00e9e en route\u00bb. Vous pouvez g\u00e9rer vos endroits pr\u00e9f\u00e9r\u00e9s (par exemple h\u00f4tels pr\u00e9f\u00e9r\u00e9s) dans le menu de navigation sous \u00ab\u00a0Mes endroits\u00a0\u00bb.<\/em><\/p>\n<h2>Modifier les horaires de travail pour une seule journ\u00e9e<\/h2>\n<p>Les heures de d\u00e9but et de fin des propositions de nuit\u00e9es dans le calendrier correspondent \u00e0 vos horaires de travail, qui sont param\u00e9tr\u00e9s dans les options portatour\u00ae.<\/p>\n<p>Si vous souhaitez modifier vos horaires de travail sur une base exceptionnelle pour une seule journ\u00e9e, par exemple, parce que vous voulez commencer t\u00f4t et arriver \u00e0 la maison plus t\u00f4t aussi, vous pouvez y parvenir dans le calendrier. D\u00e9placez simplement la nuit\u00e9e au d\u00e9but ou \u00e0 la fin de la journ\u00e9e \u00e0 une heure plus t\u00f4t. Utilisez la fonctionnalit\u00e9 glisser-d\u00e9poser, c&rsquo;est-\u00e0-dire, appuyez sur l&rsquo;entr\u00e9e, d\u00e9placez-la et rel\u00e2chez-la dans le calendrier \u00e0 l&rsquo;heure souhait\u00e9e. Vous \u00eates alors demand\u00e9 de confirmer.<\/p>\n<p>La proposition d&rsquo;une nuit\u00e9e est ainsi convertie en un rendez-vous fixe, qui est de couleur bleu fonc\u00e9 dans le calendrier, comme d&rsquo;habitude. Actualisez le plan de visites en cliquant sur l&rsquo;ic\u00f4ne de mise \u00e0 jour rouge en haut \u00e0 gauche afin que le temps de travail modifi\u00e9 soit planifi\u00e9 en cons\u00e9quence.<\/p>\n<p><em>Remarque: Comme une alternative \u00e0 glisser-d\u00e9poser, cliquez sur la proposition de nuit\u00e9e, puis s\u00e9lectionnez \u00ab\u00a0Transformer en RDV et modifier\u00a0\u00bb, et il suffit d&rsquo;entrer l&rsquo;heure modifi\u00e9e dans la fen\u00eatre de rendez-vous.<\/em><\/p>\n<h2>Modifier le lieu d&rsquo;une nuit\u00e9e<\/h2>\n<p>Pour modifier le lieu de la nuit\u00e9e pour un jour donn\u00e9, par exemple, parce que vous avez r\u00e9serv\u00e9 une chambre d&rsquo;h\u00f4tel, cliquez sur la nuit\u00e9e respective dans le calendrier, puis s\u00e9lectionnez \u00ab\u00a0Modifier lieu de nuit\u00e9e\u00a0\u00bb.<\/p>\n<p style=\"text-align: center;\"><a href=\"https:\/\/www.portatour.com\/blog\/users\/wp-content\/uploads\/sites\/2\/Uebernachtung-bearbeiten-FR.png\"><img loading=\"lazy\" decoding=\"async\" class=\"alignnone wp-image-1711\" src=\"https:\/\/www.portatour.com\/blog\/users\/wp-content\/uploads\/sites\/2\/Uebernachtung-bearbeiten-FR.png\" alt=\"\" width=\"285\" height=\"160\" srcset=\"https:\/\/www.portatour.com\/blog\/users\/wp-content\/uploads\/sites\/2\/Uebernachtung-bearbeiten-FR.png 465w, https:\/\/www.portatour.com\/blog\/users\/wp-content\/uploads\/sites\/2\/Uebernachtung-bearbeiten-FR-300x168.png 300w\" sizes=\"auto, (max-width: 285px) 100vw, 285px\" \/><\/a><\/p>\n<p>Un autre menu appara\u00eet ensuite, o\u00f9 vous s\u00e9lectionnez une adresse parmi \u00ab\u00a0Mes endroits\u00a0\u00bb, votre domicile, ou une adresse saisie manuellement.<\/p>\n<p>Apr\u00e8s avoir s\u00e9lectionn\u00e9 le nouveau lieu de la nuit\u00e9e, la fen\u00eatre de rendez-vous s&rsquo;ouvre, o\u00f9 vous pouvez \u00e9ventuellement ajuster les heures respectives. Lors de l&rsquo;enregistrement du rendez-vous, la proposition de nuit\u00e9e pr\u00e9c\u00e9dente dans le calendrier est remplac\u00e9e. Une actualisation du plan de visites est n\u00e9cessaire pour que le lieu modifi\u00e9 soit pris en consid\u00e9ration.<\/p>\n<p><em>Remarque: si aucun plan de visites n&rsquo;est disponible pour une journ\u00e9e future dans le calendrier, cr\u00e9ez une nuit\u00e9e en cliquant sur le jour et en s\u00e9lectionnant \u00abNuit\u00e9e\u00bb.<\/em><\/p>\n<h2>Fixer une proposition de nuit\u00e9e<\/h2>\n<p>Si vous souhaitez fixer une proposition de nuit\u00e9e afin qu&rsquo;elle ne change plus au cours des actualisations ult\u00e9rieures du plan de visites, cliquez sur la nuit\u00e9e dans le calendrier et s\u00e9lectionnez \u00ab\u00a0Transformer en RDV fixe\u00a0\u00bb. Il n&rsquo;est pas n\u00e9cessaire d&rsquo;actualiser le plan.<\/p>\n<p>Utilisez cette option si, par exemple, vous r\u00e9servez un h\u00f4tel que portatour\u00ae a propos\u00e9 en utilisant l&rsquo;un de vos \u00abH\u00e9bergements pr\u00e9f\u00e9r\u00e9s\u00bb.<\/p>\n<h2>Autres options de planification &#8230;<\/h2>\n<p>Les trois \u00e9l\u00e9ments de menu \u00ab\u00a0Transformer en RDV et modifier\u00a0\u00bb, \u00ab\u00a0Modifier lieu de nuit\u00e9e\u00a0\u00bb et \u00ab\u00a0Transformer en RDV fixe\u00a0\u00bb peuvent \u00e9galement \u00eatre trouv\u00e9s dans le plan de visites en cliquant sur les entr\u00e9es de d\u00e9part et d&rsquo;arriv\u00e9e des jours dans le futur.<\/p>\n<p><em>Nous esp\u00e9rons que ces nouvelles fonctions rendent votre travail quotidien avec poratour\u00ae encore plus agr\u00e9able et efficace. Notre \u00e9quipe de d\u00e9veloppement accueille\u00a0vos commentaires sous\u00a0<\/em><em><a href=\"mailto:feedback@portatour.com\">feedback@portatour.com<\/a> .<\/em><\/p>\n","protected":false},"excerpt":{"rendered":"<p>Avec la mise \u00e0 jour d\u2019aujourd&rsquo;hui de portatour\u00ae, le calendrier a \u00e9t\u00e9 am\u00e9lior\u00e9 par de nouvelles informations et fonctions. Lisez la suite pour savoir comment vous pouvez tirer le meilleur parti des nouvelles opportunit\u00e9s qui en r\u00e9sultent. Rappel: vous pouvez acc\u00e9der au calendrier en cliquant sur \u00ab\u00a0Rendez-vous\u00a0\u00bb dans le menu principal. Si la liste de [&hellip;]<\/p>\n","protected":false},"author":7,"featured_media":0,"comment_status":"closed","ping_status":"closed","sticky":false,"template":"","format":"standard","meta":{"footnotes":""},"categories":[11],"tags":[],"class_list":["post-1617","post","type-post","status-publish","format-standard","hentry","category-anywhere-fr"],"aioseo_notices":[],"_links":{"self":[{"href":"https:\/\/www.portatour.com\/blog\/users\/fr\/wp-json\/wp\/v2\/posts\/1617","targetHints":{"allow":["GET"]}}],"collection":[{"href":"https:\/\/www.portatour.com\/blog\/users\/fr\/wp-json\/wp\/v2\/posts"}],"about":[{"href":"https:\/\/www.portatour.com\/blog\/users\/fr\/wp-json\/wp\/v2\/types\/post"}],"author":[{"embeddable":true,"href":"https:\/\/www.portatour.com\/blog\/users\/fr\/wp-json\/wp\/v2\/users\/7"}],"replies":[{"embeddable":true,"href":"https:\/\/www.portatour.com\/blog\/users\/fr\/wp-json\/wp\/v2\/comments?post=1617"}],"version-history":[{"count":11,"href":"https:\/\/www.portatour.com\/blog\/users\/fr\/wp-json\/wp\/v2\/posts\/1617\/revisions"}],"predecessor-version":[{"id":1713,"href":"https:\/\/www.portatour.com\/blog\/users\/fr\/wp-json\/wp\/v2\/posts\/1617\/revisions\/1713"}],"wp:attachment":[{"href":"https:\/\/www.portatour.com\/blog\/users\/fr\/wp-json\/wp\/v2\/media?parent=1617"}],"wp:term":[{"taxonomy":"category","embeddable":true,"href":"https:\/\/www.portatour.com\/blog\/users\/fr\/wp-json\/wp\/v2\/categories?post=1617"},{"taxonomy":"post_tag","embeddable":true,"href":"https:\/\/www.portatour.com\/blog\/users\/fr\/wp-json\/wp\/v2\/tags?post=1617"}],"curies":[{"name":"wp","href":"https:\/\/api.w.org\/{rel}","templated":true}]}}