{"id":9546,"date":"2024-08-21T07:25:57","date_gmt":"2024-08-21T07:25:57","guid":{"rendered":"https:\/\/www.portatour.com\/blog\/users\/?p=9546"},"modified":"2024-08-21T09:34:08","modified_gmt":"2024-08-21T09:34:08","slug":"erweiterung-der-anzeige-benutzerdefinierter-felder","status":"publish","type":"post","link":"https:\/\/www.portatour.com\/blog\/users\/de\/2024\/08\/21\/erweiterung-der-anzeige-benutzerdefinierter-felder\/","title":{"rendered":"Erweiterung der Anzeige benutzerdefinierter Felder"},"content":{"rendered":"<h3>L\u00e4ngere Feldnamen anzeigen<\/h3>\n<p>Bei der Anzeige benutzerdefinierter Felder wurde bisher der Feldname ab 10 Zeichen abgek\u00fcrzt. Nachdem mobile Ger\u00e4te mittlerweile gr\u00f6\u00dfer geworden sind, wird nun erst ab 20 Zeichen abgek\u00fcrzt.<\/p>\n<p><em>Hinweis: Wenn Sie im Zuge dessen die Feldnamen \u00e4ndern, ber\u00fccksichtigen Sie, dass damit auch die Spaltennamen in der Export-Datei betroffen sind. Dies ist zu beachten, wenn die Datei automatisiert weiterverarbeitet wird. Auf den Import hat eine \u00c4nderung von Feldnamen keine Auswirkung.<\/em><\/p>\n<h3>Position der Feldnamen \u00e4ndern<\/h3>\n<p>Bisher wurde der Feldname immer links, der Feldinhalt immer rechts davon dargestellt.<\/p>\n<p>Dieses Verhalten l\u00e4sst sich nun pro Feldgruppe individuell \u00e4ndern, um speziell bei langen oder mehrzeiligen Texten den Bildschirmplatz besser zu nutzen:<\/p>\n<p><a href=\"https:\/\/www.portatour.com\/blog\/users\/wp-content\/uploads\/sites\/2\/Benutzerdefinierte-Felder-Position-Feldnamen-einstellen-DE-1.png\"><img loading=\"lazy\" decoding=\"async\" class=\"aligncenter wp-image-9685\" src=\"https:\/\/www.portatour.com\/blog\/users\/wp-content\/uploads\/sites\/2\/Benutzerdefinierte-Felder-Position-Feldnamen-einstellen-DE-1.png\" alt=\"\" width=\"320\" height=\"253\" srcset=\"https:\/\/www.portatour.com\/blog\/users\/wp-content\/uploads\/sites\/2\/Benutzerdefinierte-Felder-Position-Feldnamen-einstellen-DE-1.png 480w, https:\/\/www.portatour.com\/blog\/users\/wp-content\/uploads\/sites\/2\/Benutzerdefinierte-Felder-Position-Feldnamen-einstellen-DE-1-300x238.png 300w\" sizes=\"auto, (max-width: 320px) 100vw, 320px\" \/><\/a><\/p>\n<p>Folgende Screenshots veranschaulichen die Auswirkungen der drei unterschiedlichen Einstellungen:<\/p>\n<p>Immer links:<\/p>\n<p><a href=\"https:\/\/www.portatour.com\/blog\/users\/wp-content\/uploads\/sites\/2\/Benutzerdefinierte-Felder-Position-Feldnamen-Immer-Links-DE.png\"><img loading=\"lazy\" decoding=\"async\" class=\"wp-image-9612 aligncenter\" src=\"https:\/\/www.portatour.com\/blog\/users\/wp-content\/uploads\/sites\/2\/Benutzerdefinierte-Felder-Position-Feldnamen-Immer-Links-DE.png\" alt=\"\" width=\"320\" height=\"226\" srcset=\"https:\/\/www.portatour.com\/blog\/users\/wp-content\/uploads\/sites\/2\/Benutzerdefinierte-Felder-Position-Feldnamen-Immer-Links-DE.png 536w, https:\/\/www.portatour.com\/blog\/users\/wp-content\/uploads\/sites\/2\/Benutzerdefinierte-Felder-Position-Feldnamen-Immer-Links-DE-300x212.png 300w\" sizes=\"auto, (max-width: 320px) 100vw, 320px\" \/><\/a><\/p>\n<p>Bei mehrzeiligem Text oberhalb:<\/p>\n<p><a href=\"https:\/\/www.portatour.com\/blog\/users\/wp-content\/uploads\/sites\/2\/Benutzerdefinierte-Felder-Position-Feldnamen-Bei-mehrzeiligen-Text-oberhalb-DE.png\"><img loading=\"lazy\" decoding=\"async\" class=\"wp-image-9606 aligncenter\" src=\"https:\/\/www.portatour.com\/blog\/users\/wp-content\/uploads\/sites\/2\/Benutzerdefinierte-Felder-Position-Feldnamen-Bei-mehrzeiligen-Text-oberhalb-DE.png\" alt=\"\" width=\"320\" height=\"218\" srcset=\"https:\/\/www.portatour.com\/blog\/users\/wp-content\/uploads\/sites\/2\/Benutzerdefinierte-Felder-Position-Feldnamen-Bei-mehrzeiligen-Text-oberhalb-DE.png 536w, https:\/\/www.portatour.com\/blog\/users\/wp-content\/uploads\/sites\/2\/Benutzerdefinierte-Felder-Position-Feldnamen-Bei-mehrzeiligen-Text-oberhalb-DE-300x204.png 300w\" sizes=\"auto, (max-width: 320px) 100vw, 320px\" \/><\/a><\/p>\n<p>Immer oberhalb:<\/p>\n<p><a href=\"https:\/\/www.portatour.com\/blog\/users\/wp-content\/uploads\/sites\/2\/Benutzerdefinierte-Felder-Position-Feldnamen-Immer-oberhalb-DE.png\"><img loading=\"lazy\" decoding=\"async\" class=\"wp-image-9618 aligncenter\" src=\"https:\/\/www.portatour.com\/blog\/users\/wp-content\/uploads\/sites\/2\/Benutzerdefinierte-Felder-Position-Feldnamen-Immer-oberhalb-DE.png\" alt=\"\" width=\"320\" height=\"280\" srcset=\"https:\/\/www.portatour.com\/blog\/users\/wp-content\/uploads\/sites\/2\/Benutzerdefinierte-Felder-Position-Feldnamen-Immer-oberhalb-DE.png 536w, https:\/\/www.portatour.com\/blog\/users\/wp-content\/uploads\/sites\/2\/Benutzerdefinierte-Felder-Position-Feldnamen-Immer-oberhalb-DE-300x263.png 300w\" sizes=\"auto, (max-width: 320px) 100vw, 320px\" \/><\/a><\/p>\n<p><em>Hinweise:<\/em><\/p>\n<ul>\n<li><em>F\u00fcr neu angelegte Feldgruppen ist die Einstellung \u201eBei mehrzeiligen Text oberhalb\u201c voreingestellt. Dies ist auch unsere Empfehlung.<\/em><\/li>\n<li><em>Diese Einstellung wirkt sich auch im Fenster zur Bearbeitung benutzerdefinierter Felder aus.<\/em><\/li>\n<\/ul>\n<h3>Anzeige von Feldgruppennamen<\/h3>\n<p>Wenn Ihre benutzerdefinierten Felder bei Berichten in mehrere Gruppen aufgeteilt sind, werden nun auch die Gruppennamen in den Ansichten dargestellt. Die Auswirkung wird vor allem dann sichtbar, wenn in den Listenansichten die Berichte nicht abgeschnitten, sondern vollst\u00e4ndig angezeigt werden. Der Benutzer kann dies in seinen Optionen unter \u201eProgrammeinstellungen &gt; Kundenliste &gt; Bericht vollst\u00e4ndig\u201c bzw. \u201eProgrammeinstellungen &gt; Berichtsliste &gt; Bericht vollst\u00e4ndig\u201c einstellen.<\/p>\n","protected":false},"excerpt":{"rendered":"<p>L\u00e4ngere Feldnamen anzeigen Bei der Anzeige benutzerdefinierter Felder wurde bisher der Feldname ab 10 Zeichen abgek\u00fcrzt. Nachdem mobile Ger\u00e4te mittlerweile gr\u00f6\u00dfer geworden sind, wird nun erst ab 20 Zeichen abgek\u00fcrzt. Hinweis: Wenn Sie im Zuge dessen die Feldnamen \u00e4ndern, ber\u00fccksichtigen Sie, dass damit auch die Spaltennamen in der Export-Datei betroffen sind. Dies ist zu beachten, [&hellip;]<\/p>\n","protected":false},"author":4,"featured_media":0,"comment_status":"closed","ping_status":"closed","sticky":false,"template":"","format":"standard","meta":{"footnotes":""},"categories":[2],"tags":[],"class_list":["post-9546","post","type-post","status-publish","format-standard","hentry","category-anywhere-de"],"aioseo_notices":[],"_links":{"self":[{"href":"https:\/\/www.portatour.com\/blog\/users\/de\/wp-json\/wp\/v2\/posts\/9546","targetHints":{"allow":["GET"]}}],"collection":[{"href":"https:\/\/www.portatour.com\/blog\/users\/de\/wp-json\/wp\/v2\/posts"}],"about":[{"href":"https:\/\/www.portatour.com\/blog\/users\/de\/wp-json\/wp\/v2\/types\/post"}],"author":[{"embeddable":true,"href":"https:\/\/www.portatour.com\/blog\/users\/de\/wp-json\/wp\/v2\/users\/4"}],"replies":[{"embeddable":true,"href":"https:\/\/www.portatour.com\/blog\/users\/de\/wp-json\/wp\/v2\/comments?post=9546"}],"version-history":[{"count":10,"href":"https:\/\/www.portatour.com\/blog\/users\/de\/wp-json\/wp\/v2\/posts\/9546\/revisions"}],"predecessor-version":[{"id":10223,"href":"https:\/\/www.portatour.com\/blog\/users\/de\/wp-json\/wp\/v2\/posts\/9546\/revisions\/10223"}],"wp:attachment":[{"href":"https:\/\/www.portatour.com\/blog\/users\/de\/wp-json\/wp\/v2\/media?parent=9546"}],"wp:term":[{"taxonomy":"category","embeddable":true,"href":"https:\/\/www.portatour.com\/blog\/users\/de\/wp-json\/wp\/v2\/categories?post=9546"},{"taxonomy":"post_tag","embeddable":true,"href":"https:\/\/www.portatour.com\/blog\/users\/de\/wp-json\/wp\/v2\/tags?post=9546"}],"curies":[{"name":"wp","href":"https:\/\/api.w.org\/{rel}","templated":true}]}}