{"id":6216,"date":"2021-06-21T15:47:15","date_gmt":"2021-06-21T15:47:15","guid":{"rendered":"https:\/\/www.portatour.com\/blog\/users\/?p=6216"},"modified":"2021-10-21T06:59:51","modified_gmt":"2021-10-21T06:59:51","slug":"anzeige-und-beruecksichtigung-von-strassensperren","status":"publish","type":"post","link":"https:\/\/www.portatour.com\/blog\/users\/de\/2021\/06\/21\/anzeige-und-beruecksichtigung-von-strassensperren\/","title":{"rendered":"Anzeige und Ber\u00fccksichtigung von Stra\u00dfensperren"},"content":{"rendered":"<p>portatour\u00ae kennt nun aktuelle Stra\u00dfensperren und ber\u00fccksichtigt diese automatisch bei der Berechnung der Besuchspl\u00e4ne. Notwendige Umwege werden bei der Fahrzeitplanung ber\u00fccksichtigt. Sie als Benutzer m\u00fcssen dazu keine Einstellungen in portatour\u00ae \u00e4ndern.<\/p>\n<p>Um die aktuellen Stra\u00dfensperren anzuzeigen, gehen Sie wie folgt vor:<\/p>\n<ul>\n<li>\u00d6ffnen Sie die Landkarte.<\/li>\n<li>Klicken Sie rechts oben auf das Zahnrad-Symbol.<\/li>\n<li>Stellen Sie die Auswahlbox \u201eVerkehr\u201c auf \u201eVerkehr: Nur Stra\u00dfensperren\u201c um.<\/li>\n<\/ul>\n<p>Gesperrte Stra\u00dfen werden schwarz dargestellt und mit folgendem Symbol versehen:<\/p>\n<p style=\"text-align: center;\"><a href=\"https:\/\/www.portatour.com\/blog\/users\/wp-content\/uploads\/sites\/2\/Strassensperren-DE.png\"><img loading=\"lazy\" decoding=\"async\" class=\"alignnone size-full wp-image-6226\" src=\"https:\/\/www.portatour.com\/blog\/users\/wp-content\/uploads\/sites\/2\/Strassensperren-DE.png\" alt=\"\" width=\"550\" height=\"367\" srcset=\"https:\/\/www.portatour.com\/blog\/users\/wp-content\/uploads\/sites\/2\/Strassensperren-DE.png 550w, https:\/\/www.portatour.com\/blog\/users\/wp-content\/uploads\/sites\/2\/Strassensperren-DE-300x200.png 300w\" sizes=\"auto, (max-width: 550px) 100vw, 550px\" \/><\/a><\/p>\n<p>Zoomen Sie in die Landkarte hinein, um auch Sperren auf kleineren Stra\u00dfen zu sehen.<\/p>\n<p>portatour\u00ae aktualisiert die Stra\u00dfensperren einmal pro Woche, normalerweise samstags. Dabei werden von unseren Verkehrsdatenanbietern auch zuk\u00fcnftige Stra\u00dfensperren, die in der kommenden Woche erwartet werden, geladen und ber\u00fccksichtigt. Dies ist n\u00fctzlich, da Sie als Benutzer ja Besuchspl\u00e4ne f\u00fcr die zuk\u00fcnftigen Tage berechnen lassen.<\/p>\n","protected":false},"excerpt":{"rendered":"<p>portatour\u00ae kennt nun aktuelle Stra\u00dfensperren und ber\u00fccksichtigt diese automatisch bei der Berechnung der Besuchspl\u00e4ne. Notwendige Umwege werden bei der Fahrzeitplanung ber\u00fccksichtigt. Sie als Benutzer m\u00fcssen dazu keine Einstellungen in portatour\u00ae \u00e4ndern. Um die aktuellen Stra\u00dfensperren anzuzeigen, gehen Sie wie folgt vor: \u00d6ffnen Sie die Landkarte. Klicken Sie rechts oben auf das Zahnrad-Symbol. Stellen Sie die [&hellip;]<\/p>\n","protected":false},"author":4,"featured_media":0,"comment_status":"closed","ping_status":"closed","sticky":false,"template":"","format":"standard","meta":{"footnotes":""},"categories":[2],"tags":[],"class_list":["post-6216","post","type-post","status-publish","format-standard","hentry","category-anywhere-de"],"aioseo_notices":[],"_links":{"self":[{"href":"https:\/\/www.portatour.com\/blog\/users\/de\/wp-json\/wp\/v2\/posts\/6216","targetHints":{"allow":["GET"]}}],"collection":[{"href":"https:\/\/www.portatour.com\/blog\/users\/de\/wp-json\/wp\/v2\/posts"}],"about":[{"href":"https:\/\/www.portatour.com\/blog\/users\/de\/wp-json\/wp\/v2\/types\/post"}],"author":[{"embeddable":true,"href":"https:\/\/www.portatour.com\/blog\/users\/de\/wp-json\/wp\/v2\/users\/4"}],"replies":[{"embeddable":true,"href":"https:\/\/www.portatour.com\/blog\/users\/de\/wp-json\/wp\/v2\/comments?post=6216"}],"version-history":[{"count":3,"href":"https:\/\/www.portatour.com\/blog\/users\/de\/wp-json\/wp\/v2\/posts\/6216\/revisions"}],"predecessor-version":[{"id":6542,"href":"https:\/\/www.portatour.com\/blog\/users\/de\/wp-json\/wp\/v2\/posts\/6216\/revisions\/6542"}],"wp:attachment":[{"href":"https:\/\/www.portatour.com\/blog\/users\/de\/wp-json\/wp\/v2\/media?parent=6216"}],"wp:term":[{"taxonomy":"category","embeddable":true,"href":"https:\/\/www.portatour.com\/blog\/users\/de\/wp-json\/wp\/v2\/categories?post=6216"},{"taxonomy":"post_tag","embeddable":true,"href":"https:\/\/www.portatour.com\/blog\/users\/de\/wp-json\/wp\/v2\/tags?post=6216"}],"curies":[{"name":"wp","href":"https:\/\/api.w.org\/{rel}","templated":true}]}}