{"id":1582,"date":"2017-12-18T11:06:06","date_gmt":"2017-12-18T11:06:06","guid":{"rendered":"http:\/\/www.portatour.com\/blog\/users\/?p=1582"},"modified":"2017-12-18T11:06:06","modified_gmt":"2017-12-18T11:06:06","slug":"kalender-anzeige-von-fahrten-pausen-uebernachtungen","status":"publish","type":"post","link":"https:\/\/www.portatour.com\/blog\/users\/de\/2017\/12\/18\/kalender-anzeige-von-fahrten-pausen-uebernachtungen\/","title":{"rendered":"Verbesserter Kalender: Anzeige von Fahrten, Pausen und \u00dcbernachtungen"},"content":{"rendered":"<p>Mit dem heutigen Update von portatour\u00ae wurde der Kalender um einige neue\u00a0Informationen und Funktionen erweitert. Lernen Sie in\u00a0diesem\u00a0Beitrag, wie Sie die neuen M\u00f6glichkeiten bestm\u00f6glich f\u00fcr sich nutzen.<\/p>\n<p><em>Erinnerung: Zum Kalender gelangen Sie, indem Sie zum Beispiel im Hauptmen\u00fc auf &#8222;Termine&#8220; klicken. Sollte danach die Terminliste anstatt des Kalenders\u00a0erscheinen, klicken Sie oben auf den Kalender-Knopf.<\/em><\/p>\n<p><a href=\"https:\/\/www.portatour.com\/blog\/users\/wp-content\/uploads\/sites\/2\/Kalender-Strassen-Uebernachtung-DE-2.png\"><img loading=\"lazy\" decoding=\"async\" class=\"alignnone size-full wp-image-1706\" src=\"https:\/\/www.portatour.com\/blog\/users\/wp-content\/uploads\/sites\/2\/Kalender-Strassen-Uebernachtung-DE-2.png\" alt=\"\" width=\"1688\" height=\"1131\" srcset=\"https:\/\/www.portatour.com\/blog\/users\/wp-content\/uploads\/sites\/2\/Kalender-Strassen-Uebernachtung-DE-2.png 1688w, https:\/\/www.portatour.com\/blog\/users\/wp-content\/uploads\/sites\/2\/Kalender-Strassen-Uebernachtung-DE-2-300x201.png 300w, https:\/\/www.portatour.com\/blog\/users\/wp-content\/uploads\/sites\/2\/Kalender-Strassen-Uebernachtung-DE-2-768x515.png 768w, https:\/\/www.portatour.com\/blog\/users\/wp-content\/uploads\/sites\/2\/Kalender-Strassen-Uebernachtung-DE-2-1024x686.png 1024w, https:\/\/www.portatour.com\/blog\/users\/wp-content\/uploads\/sites\/2\/Kalender-Strassen-Uebernachtung-DE-2-600x402.png 600w, https:\/\/www.portatour.com\/blog\/users\/wp-content\/uploads\/sites\/2\/Kalender-Strassen-Uebernachtung-DE-2-624x418.png 624w\" sizes=\"auto, (max-width: 1688px) 100vw, 1688px\" \/><\/a><\/p>\n<p>&nbsp;<\/p>\n<h2>Anzeige von Fahrten und Pausen<\/h2>\n<p>In der Tages- und Wochenansicht des Kalenders erkennen Sie ab sofort auf einen Blick, welche Zeiten zwischen den Kundenbesuchen\u00a0bereits f\u00fcr Fahrten oder Pausen verplant sind.<\/p>\n<p style=\"text-align: center;\"><a href=\"https:\/\/www.portatour.com\/blog\/users\/wp-content\/uploads\/sites\/2\/Strasse-und-Pause-DE.png\"><img loading=\"lazy\" decoding=\"async\" class=\"alignnone wp-image-1702\" src=\"https:\/\/www.portatour.com\/blog\/users\/wp-content\/uploads\/sites\/2\/Strasse-und-Pause-DE.png\" alt=\"\" width=\"182\" height=\"160\" \/><\/a><\/p>\n<p>Fahrten werden durch graue Stra\u00dfen dargestellt, Mittagspausen durch ein &#8222;Gabel\/Messer&#8220;-Symbol. Bei Zeiten, die nicht verplant sind &#8211; z.B. Wartezeiten vor fixen Terminen &#8211; ist anstatt der Stra\u00dfe eine wei\u00dfe Fl\u00e4che zu sehen.<\/p>\n<p><em>Hinweis: In der Monatsansicht werden Stra\u00dfen und Pausen aufgrund der kompakten Darstellungsform nicht angezeigt. Schalten Sie bei Bedarf die Ansicht mit dem Zahnrad-Symbol rechts oben um. Ihre pers\u00f6nlichen Einstellungen f\u00fcr die Mittagspause finden Sie in den portatour\u00ae Optionen unter &#8222;Pause&#8220;.<\/em><\/p>\n<h2>Anzeige\u00a0von \u00dcbernachtungen<\/h2>\n<p>Bisher waren im portatour\u00ae-Kalender nur jene \u00dcbernachtungen zu sehen, f\u00fcr die Sie explizit einen Termin erstellt haben. Seit dem heutigen Update bekommen Sie zus\u00e4tzlich auch die \u00dcbernachtungsvorschl\u00e4ge von portatour\u00ae angezeigt &#8211;\u00a0zu erkennen an den grau hinterlegten Eintr\u00e4gen am Tagesbeginn und Tagesende.<\/p>\n<p style=\"text-align: center;\"><a href=\"https:\/\/www.portatour.com\/blog\/users\/wp-content\/uploads\/sites\/2\/Uebernachtung-anzeigen-DE.png\"><img loading=\"lazy\" decoding=\"async\" class=\"alignnone wp-image-1703\" src=\"https:\/\/www.portatour.com\/blog\/users\/wp-content\/uploads\/sites\/2\/Uebernachtung-anzeigen-DE.png\" alt=\"\" width=\"493\" height=\"80\" srcset=\"https:\/\/www.portatour.com\/blog\/users\/wp-content\/uploads\/sites\/2\/Uebernachtung-anzeigen-DE.png 696w, https:\/\/www.portatour.com\/blog\/users\/wp-content\/uploads\/sites\/2\/Uebernachtung-anzeigen-DE-300x49.png 300w, https:\/\/www.portatour.com\/blog\/users\/wp-content\/uploads\/sites\/2\/Uebernachtung-anzeigen-DE-600x97.png 600w, https:\/\/www.portatour.com\/blog\/users\/wp-content\/uploads\/sites\/2\/Uebernachtung-anzeigen-DE-624x101.png 624w\" sizes=\"auto, (max-width: 493px) 100vw, 493px\" \/><\/a><\/p>\n<p>In den meisten F\u00e4llen werden dies \u00dcbernachtungen am Heimatort sein. Wenn Sie allerdings Ausw\u00e4rts\u00fcbernachtungen erlaubt haben, kann\u00a0es\u00a0auch eine \u00dcbernachtung bei einem &#8222;bevorzugten \u00dcbernachtungsort&#8220;\u00a0oder eine \u00dcbernachtung an einem beliebigen anderen\u00a0Ort sein, den portatour\u00ae im Sinne der Routenoptimierung vorschl\u00e4gt.<\/p>\n<p><em>Hinweis: Die automatische Planung von Ausw\u00e4rts\u00fcbernachtungen schalten Sie in den portatour\u00ae-Optionen unter &#8222;\u00dcbernachtung&#8220; ein. Die Verwaltung Ihrer &#8222;bevorzugten \u00dcbernachtungsorte&#8220; (z.B. Lieblingshotels) erfolgt im Hauptmen\u00fc unter &#8222;Meine Orte&#8220;.<\/em><\/p>\n<h2>\u00c4ndern der Arbeitszeiten f\u00fcr einen Tag<\/h2>\n<p>Die\u00a0Start- und Endzeitpunkte\u00a0der \u00dcbernachtungsvorschl\u00e4ge im Kalender entsprechen Ihren Arbeitszeiten, die in den portatour\u00ae-Optionen eingestellt sind.<\/p>\n<p>Wenn Sie nun\u00a0f\u00fcr einen\u00a0Tag ausnahmsweise die Arbeitszeiten ab\u00e4ndern wollen &#8211; z.B. weil Sie\u00a0 fr\u00fcher losfahren und auch fr\u00fcher wieder zuhause ankommen m\u00f6chten &#8211;\u00a0dann erledigen Sie dies einfach im Kalender, indem Sie\u00a0den \u00dcbernachtungseintrag\u00a0am Tagesbeginn bzw. Tagesende auf fr\u00fcher\u00a0verschieben. Nutzen Sie die Drag&amp;Drop-Funktionalit\u00e4t, d.h. Kalendereintrag dr\u00fccken, verschieben und an der gew\u00fcnschten Uhrzeit wieder\u00a0loslassen. Sie sehen folgend eine Sicherheitsabfrage, die Sie best\u00e4tigen m\u00fcssen.<\/p>\n<p>Ein \u00dcbernachtungsvorschlag wird dabei in einen fixen Termin umgewandelt, der im Kalender wie gewohnt dunkelblau gef\u00e4rbt ist. Aktualisieren Sie danach den Besuchsplan z.B. mittels Klick auf das rote Aktualisieren-Symbol links oben, damit die ge\u00e4nderte Arbeitszeit bei der Tourenplanung ber\u00fccksichtigt wird.<\/p>\n<p><em>Hinweis: Als alternative Methode zu Drag&amp;Drop klicken Sie auf den \u00dcbernachtungsvorschlag, w\u00e4hlen dann im Men\u00fc den Eintrag &#8222;In Termin umw. und bearbeiten&#8220; und tragen im Terminfenster die ge\u00e4nderte Uhrzeit ein. <\/em><\/p>\n<h2>\u00c4ndern des \u00dcbernachtungsorts f\u00fcr einen Tag<\/h2>\n<p>Um den Ort der \u00dcbernachtung\u00a0an einem Tag zu \u00e4ndern &#8211; z.B. weil Sie eine Hotel\u00fcbernachtung gebucht haben &#8211;\u00a0klicken Sie auf den jeweiligen \u00dcbernachtungseintrag im Kalender und w\u00e4hlen dann im Men\u00fc den Eintrag &#8222;\u00dcbernachtungsort \u00e4ndern&#8220;.<\/p>\n<p style=\"text-align: center;\"><a href=\"https:\/\/www.portatour.com\/blog\/users\/wp-content\/uploads\/sites\/2\/Uebernachtung-bearbeiten-DE.png\"><img loading=\"lazy\" decoding=\"async\" class=\"alignnone wp-image-1704\" src=\"https:\/\/www.portatour.com\/blog\/users\/wp-content\/uploads\/sites\/2\/Uebernachtung-bearbeiten-DE.png\" alt=\"\" width=\"275\" height=\"160\" srcset=\"https:\/\/www.portatour.com\/blog\/users\/wp-content\/uploads\/sites\/2\/Uebernachtung-bearbeiten-DE.png 447w, https:\/\/www.portatour.com\/blog\/users\/wp-content\/uploads\/sites\/2\/Uebernachtung-bearbeiten-DE-300x174.png 300w\" sizes=\"auto, (max-width: 275px) 100vw, 275px\" \/><\/a><\/p>\n<p>Es erscheint ein weiteres Men\u00fc, wo Sie sich\u00a0zwischen einer Adresse aus &#8222;Meine Orte&#8220;,\u00a0Ihrem Heimatort oder manueller Adresseingabe entscheiden.<\/p>\n<p>Nach Auswahl des neuen \u00dcbernachtungsortes \u00f6ffnet sich\u00a0das Terminfenster, wo Sie optional noch die Uhrzeiten der \u00dcbernachtung anpassen k\u00f6nnen.\u00a0Durch Speichern des Termins\u00a0ersetzt\u00a0dieser den bisherigen \u00dcbernachtungsvorschlag im Kalender. Eine Aktualisierung des Besuchsplans ist notwendig, damit der ge\u00e4nderte \u00dcbernachtungsort auch bei der Tourenplanung ber\u00fccksichtigt wird.<\/p>\n<p><em>Hinweis: Sollte f\u00fcr einen zuk\u00fcnftigen\u00a0Tag im Kalender noch kein Besuchsplan verf\u00fcgbar sein, erstellen Sie einen \u00dcbernachtungstermin wie gewohnt durch Klick in den Tag und Auswahl von &#8222;\u00dcbernachtung&#8220;\u00a0im Men\u00fc.<\/em><\/p>\n<h2>Fixieren eines \u00dcbernachtungsvorschlags f\u00fcr einen\u00a0Tag<\/h2>\n<p>Wenn Sie einen \u00dcbernachtungsvorschlag fixieren m\u00f6chten, so dass er bei sp\u00e4teren Besuchsplanaktualisierungen keinesfalls mehr ge\u00e4ndert wird, klicken Sie auf den \u00dcbernachtungseintrag im Kalender und dann im Men\u00fc auf &#8222;In fixen Termin umwandeln&#8220;. Eine Aktualisierung des Besuchsplans ist nicht notwendig.<\/p>\n<p>Nutzen Sie diese M\u00f6glichkeit, wenn Sie z.B. eine Hotel\u00fcbernachtung, die portatour\u00ae anhand der &#8222;bevorzugten \u00dcbernachtungsorte&#8220; eigenst\u00e4ndig vorgeschlagen hat, nun tats\u00e4chlich fix buchen.<\/p>\n<h2>Auch im Besuchsplan m\u00f6glich &#8230;<\/h2>\n<p>Die drei Men\u00fcpunkte &#8222;In Termin umw. und bearbeiten&#8220;,\u00a0 &#8222;\u00dcbernachtungsort \u00e4ndern&#8220; und &#8222;In fixen Termin umwandeln&#8220; finden Sie auch im Besuchsplan wieder, wenn Sie\u00a0auf Abfahrts- und Ankunftszeilen von zuk\u00fcnftigen Tagen klicken.<\/p>\n<p><em>Wir hoffen, dass wir mit diesen neuen Funktionen Ihren Arbeitsalltag mit portatour\u00ae noch angenehmer und schneller machen konnten.<\/em> <em>Unser Entwickler-Team freut sich \u00fcber Feedback unter <a href=\"mailto:feedback@portatour.com\">feedback@portatour.com<\/a> .<\/em><\/p>\n","protected":false},"excerpt":{"rendered":"<p>Mit dem heutigen Update von portatour\u00ae wurde der Kalender um einige neue\u00a0Informationen und Funktionen erweitert. Lernen Sie in\u00a0diesem\u00a0Beitrag, wie Sie die neuen M\u00f6glichkeiten bestm\u00f6glich f\u00fcr sich nutzen. Erinnerung: Zum Kalender gelangen Sie, indem Sie zum Beispiel im Hauptmen\u00fc auf &#8222;Termine&#8220; klicken. Sollte danach die Terminliste anstatt des Kalenders\u00a0erscheinen, klicken Sie oben auf den Kalender-Knopf. &nbsp; [&hellip;]<\/p>\n","protected":false},"author":4,"featured_media":0,"comment_status":"closed","ping_status":"closed","sticky":false,"template":"","format":"standard","meta":{"footnotes":""},"categories":[2],"tags":[],"class_list":["post-1582","post","type-post","status-publish","format-standard","hentry","category-anywhere-de"],"aioseo_notices":[],"_links":{"self":[{"href":"https:\/\/www.portatour.com\/blog\/users\/de\/wp-json\/wp\/v2\/posts\/1582","targetHints":{"allow":["GET"]}}],"collection":[{"href":"https:\/\/www.portatour.com\/blog\/users\/de\/wp-json\/wp\/v2\/posts"}],"about":[{"href":"https:\/\/www.portatour.com\/blog\/users\/de\/wp-json\/wp\/v2\/types\/post"}],"author":[{"embeddable":true,"href":"https:\/\/www.portatour.com\/blog\/users\/de\/wp-json\/wp\/v2\/users\/4"}],"replies":[{"embeddable":true,"href":"https:\/\/www.portatour.com\/blog\/users\/de\/wp-json\/wp\/v2\/comments?post=1582"}],"version-history":[{"count":10,"href":"https:\/\/www.portatour.com\/blog\/users\/de\/wp-json\/wp\/v2\/posts\/1582\/revisions"}],"predecessor-version":[{"id":1707,"href":"https:\/\/www.portatour.com\/blog\/users\/de\/wp-json\/wp\/v2\/posts\/1582\/revisions\/1707"}],"wp:attachment":[{"href":"https:\/\/www.portatour.com\/blog\/users\/de\/wp-json\/wp\/v2\/media?parent=1582"}],"wp:term":[{"taxonomy":"category","embeddable":true,"href":"https:\/\/www.portatour.com\/blog\/users\/de\/wp-json\/wp\/v2\/categories?post=1582"},{"taxonomy":"post_tag","embeddable":true,"href":"https:\/\/www.portatour.com\/blog\/users\/de\/wp-json\/wp\/v2\/tags?post=1582"}],"curies":[{"name":"wp","href":"https:\/\/api.w.org\/{rel}","templated":true}]}}